{"id":1041,"date":"2021-12-13T11:20:26","date_gmt":"2021-12-13T10:20:26","guid":{"rendered":"https:\/\/www.kozmetika-martur.si\/?p=1041"},"modified":"2022-03-09T13:45:30","modified_gmt":"2022-03-09T12:45:30","slug":"kozmetika-martur-se-predstavlja-in-testira","status":"publish","type":"post","link":"https:\/\/www.kozmetika-martur.si\/hr\/izdelki\/kozmetika-martur-se-predstavlja-in-testira\/","title":{"rendered":"Predstavljena je i testirana Martur kozmetika"},"content":{"rendered":"<h4><strong>Na\u0161a farma Mali Raj i Martur kozmetika predstavljeni su u trgova\u010dkim centrima u prosincu.<\/strong><\/h4>\n<p>Prezentacija kozmetike, na kojoj je mogu\u0107e i isprobati na\u0161u kozmetiku, odr\u017eat \u0107e se u prosincu u sljede\u0107im prodajnim centrima:<\/p>\n<div>\u2013 13. i 14. prosinca <strong>Europark Bo\u017ei\u010dni sejem<\/strong>,<\/div>\n<div>\u2013 17. i 18. prosinca <strong>BTC Murska Sobota<\/strong>,<\/div>\n<div>\u2013 27. prosinca Supernova <strong>Qlandia Koper<\/strong>.<\/div>","protected":false},"excerpt":{"rendered":"<p>Na\u0161a kmetija Mali Raj in kozmetika Martur se v decembru predstavljata v trgovskih centrih. Predstavitev kozmetike kjer je mo\u017eno tudi preizkusiti na\u0161o kozmetiko bo v decembru v naslednjih trgovskih centrih: &#8211; 13. in 14. december Europark Bo\u017ei\u010dni sejem, &#8211; 17. in 18. december BTC Murska Sobota, &#8211; 27. december Supernova Qlandia Koper.<\/p>","protected":false},"author":3,"featured_media":840,"comment_status":"closed","ping_status":"open","sticky":false,"template":"","format":"standard","meta":{"_acf_changed":false,"_et_pb_use_builder":"","_et_pb_old_content":"","_et_gb_content_width":"","footnotes":""},"categories":[27,22],"tags":[],"class_list":["post-1041","post","type-post","status-publish","format-standard","has-post-thumbnail","hentry","category-izdelki","category-novice"],"acf":[],"yoast_head":"<!-- This site is optimized with the Yoast SEO plugin v27.5 - https:\/\/yoast.com\/product\/yoast-seo-wordpress\/ -->\n<title>Kozmetika Martur se predstavlja in testira - Kozmetika Martur<\/title>\n<meta name=\"robots\" content=\"index, follow, max-snippet:-1, max-image-preview:large, max-video-preview:-1\" \/>\n<link rel=\"canonical\" href=\"https:\/\/www.kozmetika-martur.si\/hr\/izdelki\/kozmetika-martur-se-predstavlja-in-testira\/\" \/>\n<meta property=\"og:locale\" content=\"hr_HR\" \/>\n<meta property=\"og:type\" content=\"article\" \/>\n<meta property=\"og:title\" content=\"Kozmetika Martur se predstavlja in testira - Kozmetika Martur\" \/>\n<meta property=\"og:description\" content=\"Na\u0161a kmetija Mali Raj in kozmetika Martur se v decembru predstavljata v trgovskih centrih. Predstavitev kozmetike kjer je mo\u017eno tudi preizkusiti na\u0161o kozmetiko bo v decembru v naslednjih trgovskih centrih: &#8211; 13. in 14. december Europark Bo\u017ei\u010dni sejem, &#8211; 17. in 18. december BTC Murska Sobota, &#8211; 27. december Supernova Qlandia Koper.\" \/>\n<meta property=\"og:url\" content=\"https:\/\/www.kozmetika-martur.si\/hr\/izdelki\/kozmetika-martur-se-predstavlja-in-testira\/\" \/>\n<meta property=\"og:site_name\" content=\"Kozmetika Martur\" \/>\n<meta property=\"article:publisher\" content=\"https:\/\/www.facebook.com\/profile.php?id=100073150506190\" \/>\n<meta property=\"article:published_time\" content=\"2021-12-13T10:20:26+00:00\" \/>\n<meta property=\"article:modified_time\" content=\"2022-03-09T12:45:30+00:00\" \/>\n<meta property=\"og:image\" content=\"https:\/\/www.kozmetika-martur.si\/wp-content\/uploads\/2021\/10\/logo-kozmetika-martur-fb-banner.jpg\" \/>\n\t<meta property=\"og:image:width\" content=\"1200\" \/>\n\t<meta property=\"og:image:height\" content=\"630\" \/>\n\t<meta property=\"og:image:type\" content=\"image\/jpeg\" \/>\n<meta name=\"author\" content=\"ppeterlin\" \/>\n<meta name=\"twitter:card\" content=\"summary_large_image\" \/>\n<meta name=\"twitter:label1\" content=\"Napisao\/la\" \/>\n\t<meta name=\"twitter:data1\" content=\"ppeterlin\" \/>\n\t<meta name=\"twitter:label2\" content=\"Procijenjeno vrijeme \u010ditanja\" \/>\n\t<meta name=\"twitter:data2\" content=\"1 minuta\" \/>\n<script type=\"application\/ld+json\" class=\"yoast-schema-graph\">{\"@context\":\"https:\\\/\\\/schema.org\",\"@graph\":[{\"@type\":\"Article\",\"@id\":\"https:\\\/\\\/www.kozmetika-martur.si\\\/izdelki\\\/kozmetika-martur-se-predstavlja-in-testira\\\/#article\",\"isPartOf\":{\"@id\":\"https:\\\/\\\/www.kozmetika-martur.si\\\/izdelki\\\/kozmetika-martur-se-predstavlja-in-testira\\\/\"},\"author\":{\"name\":\"ppeterlin\",\"@id\":\"https:\\\/\\\/www.kozmetika-martur.si\\\/#\\\/schema\\\/person\\\/3553d157da61a85a4b13afc0a9756b05\"},\"headline\":\"Kozmetika Martur se predstavlja in testira\",\"datePublished\":\"2021-12-13T10:20:26+00:00\",\"dateModified\":\"2022-03-09T12:45:30+00:00\",\"mainEntityOfPage\":{\"@id\":\"https:\\\/\\\/www.kozmetika-martur.si\\\/izdelki\\\/kozmetika-martur-se-predstavlja-in-testira\\\/\"},\"wordCount\":58,\"publisher\":{\"@id\":\"https:\\\/\\\/www.kozmetika-martur.si\\\/#organization\"},\"image\":{\"@id\":\"https:\\\/\\\/www.kozmetika-martur.si\\\/izdelki\\\/kozmetika-martur-se-predstavlja-in-testira\\\/#primaryimage\"},\"thumbnailUrl\":\"https:\\\/\\\/www.kozmetika-martur.si\\\/wp-content\\\/uploads\\\/2021\\\/10\\\/logo-kozmetika-martur-fb-banner.jpg\",\"articleSection\":[\"Izdelki\",\"Novice\"],\"inLanguage\":\"hr\"},{\"@type\":\"WebPage\",\"@id\":\"https:\\\/\\\/www.kozmetika-martur.si\\\/izdelki\\\/kozmetika-martur-se-predstavlja-in-testira\\\/\",\"url\":\"https:\\\/\\\/www.kozmetika-martur.si\\\/izdelki\\\/kozmetika-martur-se-predstavlja-in-testira\\\/\",\"name\":\"Kozmetika Martur se predstavlja in testira - Kozmetika Martur\",\"isPartOf\":{\"@id\":\"https:\\\/\\\/www.kozmetika-martur.si\\\/#website\"},\"primaryImageOfPage\":{\"@id\":\"https:\\\/\\\/www.kozmetika-martur.si\\\/izdelki\\\/kozmetika-martur-se-predstavlja-in-testira\\\/#primaryimage\"},\"image\":{\"@id\":\"https:\\\/\\\/www.kozmetika-martur.si\\\/izdelki\\\/kozmetika-martur-se-predstavlja-in-testira\\\/#primaryimage\"},\"thumbnailUrl\":\"https:\\\/\\\/www.kozmetika-martur.si\\\/wp-content\\\/uploads\\\/2021\\\/10\\\/logo-kozmetika-martur-fb-banner.jpg\",\"datePublished\":\"2021-12-13T10:20:26+00:00\",\"dateModified\":\"2022-03-09T12:45:30+00:00\",\"breadcrumb\":{\"@id\":\"https:\\\/\\\/www.kozmetika-martur.si\\\/izdelki\\\/kozmetika-martur-se-predstavlja-in-testira\\\/#breadcrumb\"},\"inLanguage\":\"hr\",\"potentialAction\":[{\"@type\":\"ReadAction\",\"target\":[\"https:\\\/\\\/www.kozmetika-martur.si\\\/izdelki\\\/kozmetika-martur-se-predstavlja-in-testira\\\/\"]}]},{\"@type\":\"ImageObject\",\"inLanguage\":\"hr\",\"@id\":\"https:\\\/\\\/www.kozmetika-martur.si\\\/izdelki\\\/kozmetika-martur-se-predstavlja-in-testira\\\/#primaryimage\",\"url\":\"https:\\\/\\\/www.kozmetika-martur.si\\\/wp-content\\\/uploads\\\/2021\\\/10\\\/logo-kozmetika-martur-fb-banner.jpg\",\"contentUrl\":\"https:\\\/\\\/www.kozmetika-martur.si\\\/wp-content\\\/uploads\\\/2021\\\/10\\\/logo-kozmetika-martur-fb-banner.jpg\",\"width\":1200,\"height\":630,\"caption\":\"Kozmetika Martur\"},{\"@type\":\"BreadcrumbList\",\"@id\":\"https:\\\/\\\/www.kozmetika-martur.si\\\/izdelki\\\/kozmetika-martur-se-predstavlja-in-testira\\\/#breadcrumb\",\"itemListElement\":[{\"@type\":\"ListItem\",\"position\":1,\"name\":\"Home\",\"item\":\"https:\\\/\\\/www.kozmetika-martur.si\\\/\"},{\"@type\":\"ListItem\",\"position\":2,\"name\":\"Kozmetika Martur se predstavlja in testira\"}]},{\"@type\":\"WebSite\",\"@id\":\"https:\\\/\\\/www.kozmetika-martur.si\\\/#website\",\"url\":\"https:\\\/\\\/www.kozmetika-martur.si\\\/\",\"name\":\"Kozmetika Martur\",\"description\":\"Profesionalna slovenska kozmetika\",\"publisher\":{\"@id\":\"https:\\\/\\\/www.kozmetika-martur.si\\\/#organization\"},\"potentialAction\":[{\"@type\":\"SearchAction\",\"target\":{\"@type\":\"EntryPoint\",\"urlTemplate\":\"https:\\\/\\\/www.kozmetika-martur.si\\\/?s={search_term_string}\"},\"query-input\":{\"@type\":\"PropertyValueSpecification\",\"valueRequired\":true,\"valueName\":\"search_term_string\"}}],\"inLanguage\":\"hr\"},{\"@type\":\"Organization\",\"@id\":\"https:\\\/\\\/www.kozmetika-martur.si\\\/#organization\",\"name\":\"Kozmetika Martur\",\"url\":\"https:\\\/\\\/www.kozmetika-martur.si\\\/\",\"logo\":{\"@type\":\"ImageObject\",\"inLanguage\":\"hr\",\"@id\":\"https:\\\/\\\/www.kozmetika-martur.si\\\/#\\\/schema\\\/logo\\\/image\\\/\",\"url\":\"https:\\\/\\\/www.kozmetika-martur.si\\\/wp-content\\\/uploads\\\/2021\\\/09\\\/kozmetika-martur-logo.jpg\",\"contentUrl\":\"https:\\\/\\\/www.kozmetika-martur.si\\\/wp-content\\\/uploads\\\/2021\\\/09\\\/kozmetika-martur-logo.jpg\",\"width\":400,\"height\":319,\"caption\":\"Kozmetika Martur\"},\"image\":{\"@id\":\"https:\\\/\\\/www.kozmetika-martur.si\\\/#\\\/schema\\\/logo\\\/image\\\/\"},\"sameAs\":[\"https:\\\/\\\/www.facebook.com\\\/profile.php?id=100073150506190\",\"https:\\\/\\\/www.instagram.com\\\/kozmetikamartur\\\/\"]},{\"@type\":\"Person\",\"@id\":\"https:\\\/\\\/www.kozmetika-martur.si\\\/#\\\/schema\\\/person\\\/3553d157da61a85a4b13afc0a9756b05\",\"name\":\"ppeterlin\",\"sameAs\":[\"https:\\\/\\\/www.kozmetika-martur.si\"]}]}<\/script>\n<!-- \/ Yoast SEO plugin. -->","yoast_head_json":{"title":"Kozmetika Martur se predstavlja in testira - Kozmetika Martur","robots":{"index":"index","follow":"follow","max-snippet":"max-snippet:-1","max-image-preview":"max-image-preview:large","max-video-preview":"max-video-preview:-1"},"canonical":"https:\/\/www.kozmetika-martur.si\/hr\/izdelki\/kozmetika-martur-se-predstavlja-in-testira\/","og_locale":"hr_HR","og_type":"article","og_title":"Kozmetika Martur se predstavlja in testira - Kozmetika Martur","og_description":"Na\u0161a kmetija Mali Raj in kozmetika Martur se v decembru predstavljata v trgovskih centrih. Predstavitev kozmetike kjer je mo\u017eno tudi preizkusiti na\u0161o kozmetiko bo v decembru v naslednjih trgovskih centrih: &#8211; 13. in 14. december Europark Bo\u017ei\u010dni sejem, &#8211; 17. in 18. december BTC Murska Sobota, &#8211; 27. december Supernova Qlandia Koper.","og_url":"https:\/\/www.kozmetika-martur.si\/hr\/izdelki\/kozmetika-martur-se-predstavlja-in-testira\/","og_site_name":"Kozmetika Martur","article_publisher":"https:\/\/www.facebook.com\/profile.php?id=100073150506190","article_published_time":"2021-12-13T10:20:26+00:00","article_modified_time":"2022-03-09T12:45:30+00:00","og_image":[{"width":1200,"height":630,"url":"https:\/\/www.kozmetika-martur.si\/wp-content\/uploads\/2021\/10\/logo-kozmetika-martur-fb-banner.jpg","type":"image\/jpeg"}],"author":"ppeterlin","twitter_card":"summary_large_image","twitter_misc":{"Napisao\/la":"ppeterlin","Procijenjeno vrijeme \u010ditanja":"1 minuta"},"schema":{"@context":"https:\/\/schema.org","@graph":[{"@type":"Article","@id":"https:\/\/www.kozmetika-martur.si\/izdelki\/kozmetika-martur-se-predstavlja-in-testira\/#article","isPartOf":{"@id":"https:\/\/www.kozmetika-martur.si\/izdelki\/kozmetika-martur-se-predstavlja-in-testira\/"},"author":{"name":"ppeterlin","@id":"https:\/\/www.kozmetika-martur.si\/#\/schema\/person\/3553d157da61a85a4b13afc0a9756b05"},"headline":"Kozmetika Martur se predstavlja in testira","datePublished":"2021-12-13T10:20:26+00:00","dateModified":"2022-03-09T12:45:30+00:00","mainEntityOfPage":{"@id":"https:\/\/www.kozmetika-martur.si\/izdelki\/kozmetika-martur-se-predstavlja-in-testira\/"},"wordCount":58,"publisher":{"@id":"https:\/\/www.kozmetika-martur.si\/#organization"},"image":{"@id":"https:\/\/www.kozmetika-martur.si\/izdelki\/kozmetika-martur-se-predstavlja-in-testira\/#primaryimage"},"thumbnailUrl":"https:\/\/www.kozmetika-martur.si\/wp-content\/uploads\/2021\/10\/logo-kozmetika-martur-fb-banner.jpg","articleSection":["Izdelki","Novice"],"inLanguage":"hr"},{"@type":"WebPage","@id":"https:\/\/www.kozmetika-martur.si\/izdelki\/kozmetika-martur-se-predstavlja-in-testira\/","url":"https:\/\/www.kozmetika-martur.si\/izdelki\/kozmetika-martur-se-predstavlja-in-testira\/","name":"Kozmetika Martur se predstavlja in testira - Kozmetika Martur","isPartOf":{"@id":"https:\/\/www.kozmetika-martur.si\/#website"},"primaryImageOfPage":{"@id":"https:\/\/www.kozmetika-martur.si\/izdelki\/kozmetika-martur-se-predstavlja-in-testira\/#primaryimage"},"image":{"@id":"https:\/\/www.kozmetika-martur.si\/izdelki\/kozmetika-martur-se-predstavlja-in-testira\/#primaryimage"},"thumbnailUrl":"https:\/\/www.kozmetika-martur.si\/wp-content\/uploads\/2021\/10\/logo-kozmetika-martur-fb-banner.jpg","datePublished":"2021-12-13T10:20:26+00:00","dateModified":"2022-03-09T12:45:30+00:00","breadcrumb":{"@id":"https:\/\/www.kozmetika-martur.si\/izdelki\/kozmetika-martur-se-predstavlja-in-testira\/#breadcrumb"},"inLanguage":"hr","potentialAction":[{"@type":"ReadAction","target":["https:\/\/www.kozmetika-martur.si\/izdelki\/kozmetika-martur-se-predstavlja-in-testira\/"]}]},{"@type":"ImageObject","inLanguage":"hr","@id":"https:\/\/www.kozmetika-martur.si\/izdelki\/kozmetika-martur-se-predstavlja-in-testira\/#primaryimage","url":"https:\/\/www.kozmetika-martur.si\/wp-content\/uploads\/2021\/10\/logo-kozmetika-martur-fb-banner.jpg","contentUrl":"https:\/\/www.kozmetika-martur.si\/wp-content\/uploads\/2021\/10\/logo-kozmetika-martur-fb-banner.jpg","width":1200,"height":630,"caption":"Kozmetika Martur"},{"@type":"BreadcrumbList","@id":"https:\/\/www.kozmetika-martur.si\/izdelki\/kozmetika-martur-se-predstavlja-in-testira\/#breadcrumb","itemListElement":[{"@type":"ListItem","position":1,"name":"Home","item":"https:\/\/www.kozmetika-martur.si\/"},{"@type":"ListItem","position":2,"name":"Kozmetika Martur se predstavlja in testira"}]},{"@type":"WebSite","@id":"https:\/\/www.kozmetika-martur.si\/#website","url":"https:\/\/www.kozmetika-martur.si\/","name":"Kozmetika Martur","description":"Profesionalna slovenska kozmetika","publisher":{"@id":"https:\/\/www.kozmetika-martur.si\/#organization"},"potentialAction":[{"@type":"SearchAction","target":{"@type":"EntryPoint","urlTemplate":"https:\/\/www.kozmetika-martur.si\/?s={search_term_string}"},"query-input":{"@type":"PropertyValueSpecification","valueRequired":true,"valueName":"search_term_string"}}],"inLanguage":"hr"},{"@type":"Organization","@id":"https:\/\/www.kozmetika-martur.si\/#organization","name":"Kozmetika Martur","url":"https:\/\/www.kozmetika-martur.si\/","logo":{"@type":"ImageObject","inLanguage":"hr","@id":"https:\/\/www.kozmetika-martur.si\/#\/schema\/logo\/image\/","url":"https:\/\/www.kozmetika-martur.si\/wp-content\/uploads\/2021\/09\/kozmetika-martur-logo.jpg","contentUrl":"https:\/\/www.kozmetika-martur.si\/wp-content\/uploads\/2021\/09\/kozmetika-martur-logo.jpg","width":400,"height":319,"caption":"Kozmetika Martur"},"image":{"@id":"https:\/\/www.kozmetika-martur.si\/#\/schema\/logo\/image\/"},"sameAs":["https:\/\/www.facebook.com\/profile.php?id=100073150506190","https:\/\/www.instagram.com\/kozmetikamartur\/"]},{"@type":"Person","@id":"https:\/\/www.kozmetika-martur.si\/#\/schema\/person\/3553d157da61a85a4b13afc0a9756b05","name":"ppeterlin","sameAs":["https:\/\/www.kozmetika-martur.si"]}]}},"_links":{"self":[{"href":"https:\/\/www.kozmetika-martur.si\/hr\/wp-json\/wp\/v2\/posts\/1041","targetHints":{"allow":["GET"]}}],"collection":[{"href":"https:\/\/www.kozmetika-martur.si\/hr\/wp-json\/wp\/v2\/posts"}],"about":[{"href":"https:\/\/www.kozmetika-martur.si\/hr\/wp-json\/wp\/v2\/types\/post"}],"author":[{"embeddable":true,"href":"https:\/\/www.kozmetika-martur.si\/hr\/wp-json\/wp\/v2\/users\/3"}],"replies":[{"embeddable":true,"href":"https:\/\/www.kozmetika-martur.si\/hr\/wp-json\/wp\/v2\/comments?post=1041"}],"version-history":[{"count":4,"href":"https:\/\/www.kozmetika-martur.si\/hr\/wp-json\/wp\/v2\/posts\/1041\/revisions"}],"predecessor-version":[{"id":1078,"href":"https:\/\/www.kozmetika-martur.si\/hr\/wp-json\/wp\/v2\/posts\/1041\/revisions\/1078"}],"wp:featuredmedia":[{"embeddable":true,"href":"https:\/\/www.kozmetika-martur.si\/hr\/wp-json\/wp\/v2\/media\/840"}],"wp:attachment":[{"href":"https:\/\/www.kozmetika-martur.si\/hr\/wp-json\/wp\/v2\/media?parent=1041"}],"wp:term":[{"taxonomy":"category","embeddable":true,"href":"https:\/\/www.kozmetika-martur.si\/hr\/wp-json\/wp\/v2\/categories?post=1041"},{"taxonomy":"post_tag","embeddable":true,"href":"https:\/\/www.kozmetika-martur.si\/hr\/wp-json\/wp\/v2\/tags?post=1041"}],"curies":[{"name":"wp","href":"https:\/\/api.w.org\/{rel}","templated":true}]}}