{"id":1631,"date":"2022-10-27T22:57:17","date_gmt":"2022-10-27T20:57:17","guid":{"rendered":"https:\/\/www.kozmetika-martur.si\/?p=1631"},"modified":"2022-10-27T22:57:17","modified_gmt":"2022-10-27T20:57:17","slug":"trda-in-razpokana-koza","status":"publish","type":"post","link":"https:\/\/www.kozmetika-martur.si\/hr\/novice\/trda-in-razpokana-koza\/","title":{"rendered":"Tvrda i ispucala ko\u017ea"},"content":{"rendered":"<p>Ispucana, lju\u0161tena i pocrvenjela ko\u017ea \u010desto se mo\u017ee pojaviti u jesen i zimi.<br \/>\nMo\u017ee biti nekoliko uzroka. Ponekad se suha ko\u017ea na stopalima mo\u017ee pojaviti i zbog iritacije obu\u0107e i vlage u \u010darapama.<br \/>\nKo\u017ea tako\u0111er mo\u017ee postati zadebljana i perutava se na odre\u0111enim podru\u010djima, a suhu ko\u017eu obi\u010dno prate takvi problemi.<\/p>\n<p><strong>Kozmetiku smo isprobali i na stopalima.<\/strong><br \/>\nKlijent je koristio <a href=\"https:\/\/www.kozmetika-martur.si\/hr\/proizvod\/nezni-cistilni-gel\/\">Soft calming cleanser<\/a> kojom je ko\u017eu pripremila za daljnju njegu, o\u010distila stopala od ne\u010disto\u0107a i vratila joj meko\u0107u. Uslijedilo je nano\u0161enje regeneratora <a href=\"https:\/\/www.kozmetika-martur.si\/hr\/proizvod\/pomirjajoci-tonik-za-obraz\/\">Soft calming toner<\/a>, koji dodatno hidratizira, \u010disti, neutralizira, umiruje iritacije i daje ko\u017ei dodatnu meko\u0107u. Nakon nekoliko minuta da ko\u017ea upije hranjivi tonik, uslijedilo je bogato nano\u0161enje <a href=\"https:\/\/www.kozmetika-martur.si\/hr\/proizvod\/vlazilna-negovalna-krema\/\">Active day repair<\/a> hidratantne kreme za njegu. Od sastojaka krema sadr\u017ei i vrhunski sastojak ectoine koji izme\u0111u ostalog intenzivno vla\u017ei ko\u017eu, visok udio vitamina E koji se u kozmetici koristi za dodatnu hidrataciju ko\u017ee, zagla\u0111uje povr\u0161inu ko\u017ee, ubrzava i stimulira ko\u017eu. obnavljanje... Active day repair hidratantna krema sadr\u017ei i kozje mlijeko koje je bogato mlije\u010dnom kiselinom, vitaminima A, B6, B12 i vitaminom E.<br \/>\nObjavljujemo rezultat kori\u0161tenja Martur profesionalne kozmetike za njegu nakon zavr\u0161nog nano\u0161enja na stopala.<img loading=\"lazy\" decoding=\"async\" class=\"alignnone size-medium wp-image-1632\" src=\"https:\/\/www.kozmetika-martur.si\/wp-content\/uploads\/2022\/10\/EE87787C-36D0-4C97-9F34-01762D6FF3EB-480x600.jpeg\" alt=\"\" width=\"480\" height=\"600\" \/><img loading=\"lazy\" decoding=\"async\" class=\"alignnone size-medium wp-image-1633\" src=\"https:\/\/www.kozmetika-martur.si\/wp-content\/uploads\/2022\/10\/8B3960AD-4FB0-4B51-8B60-417CB2003D3D-481x600.jpeg\" alt=\"\" width=\"481\" height=\"600\" \/><\/p>","protected":false},"excerpt":{"rendered":"<p>V jesenskem in zimskem \u010dasu se pogosto na ko\u017ei lahko pojavi razpokana, lu\u0161\u010de\u010da in pordela ko\u017ea. Vzrokov za nastanek je lahko ve\u010d. V\u010dasih se lahko suha ko\u017ea na stopalih pojavi tudi zaradi dra\u017eenja obutve in vlage v nogavicah. Ko\u017ea lahko na dolo\u010denih delih postane tudi zadebeljena in se lu\u0161\u010di, po navadi tak\u0161ne te\u017eave spremlja tudi [&hellip;]<\/p>\n","protected":false},"author":2,"featured_media":1632,"comment_status":"closed","ping_status":"open","sticky":false,"template":"","format":"standard","meta":{"_acf_changed":false,"_et_pb_use_builder":"","_et_pb_old_content":"","_et_gb_content_width":"","footnotes":""},"categories":[22,29],"tags":[],"class_list":["post-1631","post","type-post","status-publish","format-standard","has-post-thumbnail","hentry","category-novice","category-objave"],"acf":[],"yoast_head":"<!-- This site is optimized with the Yoast SEO plugin v27.5 - https:\/\/yoast.com\/product\/yoast-seo-wordpress\/ -->\n<title>Trda in razpokana ko\u017ea - Kozmetika Martur<\/title>\n<meta name=\"robots\" content=\"index, follow, max-snippet:-1, max-image-preview:large, max-video-preview:-1\" \/>\n<link rel=\"canonical\" href=\"https:\/\/www.kozmetika-martur.si\/hr\/novice\/trda-in-razpokana-koza\/\" \/>\n<meta property=\"og:locale\" content=\"hr_HR\" \/>\n<meta property=\"og:type\" content=\"article\" \/>\n<meta property=\"og:title\" content=\"Trda in razpokana ko\u017ea - Kozmetika Martur\" \/>\n<meta property=\"og:description\" content=\"V jesenskem in zimskem \u010dasu se pogosto na ko\u017ei lahko pojavi razpokana, lu\u0161\u010de\u010da in pordela ko\u017ea. Vzrokov za nastanek je lahko ve\u010d. V\u010dasih se lahko suha ko\u017ea na stopalih pojavi tudi zaradi dra\u017eenja obutve in vlage v nogavicah. Ko\u017ea lahko na dolo\u010denih delih postane tudi zadebeljena in se lu\u0161\u010di, po navadi tak\u0161ne te\u017eave spremlja tudi [&hellip;]\" \/>\n<meta property=\"og:url\" content=\"https:\/\/www.kozmetika-martur.si\/hr\/novice\/trda-in-razpokana-koza\/\" \/>\n<meta property=\"og:site_name\" content=\"Kozmetika Martur\" \/>\n<meta property=\"article:publisher\" content=\"https:\/\/www.facebook.com\/profile.php?id=100073150506190\" \/>\n<meta property=\"article:published_time\" content=\"2022-10-27T20:57:17+00:00\" \/>\n<meta property=\"og:image\" content=\"https:\/\/www.kozmetika-martur.si\/wp-content\/uploads\/2022\/10\/EE87787C-36D0-4C97-9F34-01762D6FF3EB.jpeg\" \/>\n\t<meta property=\"og:image:width\" content=\"1440\" \/>\n\t<meta property=\"og:image:height\" content=\"1800\" \/>\n\t<meta property=\"og:image:type\" content=\"image\/jpeg\" \/>\n<meta name=\"author\" content=\"Ur\u0161ka Martinec\" \/>\n<meta name=\"twitter:card\" content=\"summary_large_image\" \/>\n<meta name=\"twitter:label1\" content=\"Napisao\/la\" \/>\n\t<meta name=\"twitter:data1\" content=\"Ur\u0161ka Martinec\" \/>\n\t<meta name=\"twitter:label2\" content=\"Procijenjeno vrijeme \u010ditanja\" \/>\n\t<meta name=\"twitter:data2\" content=\"2 minute\" \/>\n<script type=\"application\/ld+json\" class=\"yoast-schema-graph\">{\"@context\":\"https:\\\/\\\/schema.org\",\"@graph\":[{\"@type\":\"Article\",\"@id\":\"https:\\\/\\\/www.kozmetika-martur.si\\\/novice\\\/trda-in-razpokana-koza\\\/#article\",\"isPartOf\":{\"@id\":\"https:\\\/\\\/www.kozmetika-martur.si\\\/novice\\\/trda-in-razpokana-koza\\\/\"},\"author\":{\"name\":\"Ur\u0161ka Martinec\",\"@id\":\"https:\\\/\\\/www.kozmetika-martur.si\\\/#\\\/schema\\\/person\\\/652caf62a6ffbddcfdff49b99a031f47\"},\"headline\":\"Trda in razpokana ko\u017ea\",\"datePublished\":\"2022-10-27T20:57:17+00:00\",\"mainEntityOfPage\":{\"@id\":\"https:\\\/\\\/www.kozmetika-martur.si\\\/novice\\\/trda-in-razpokana-koza\\\/\"},\"wordCount\":239,\"publisher\":{\"@id\":\"https:\\\/\\\/www.kozmetika-martur.si\\\/#organization\"},\"image\":{\"@id\":\"https:\\\/\\\/www.kozmetika-martur.si\\\/novice\\\/trda-in-razpokana-koza\\\/#primaryimage\"},\"thumbnailUrl\":\"https:\\\/\\\/www.kozmetika-martur.si\\\/wp-content\\\/uploads\\\/2022\\\/10\\\/EE87787C-36D0-4C97-9F34-01762D6FF3EB.jpeg\",\"articleSection\":[\"Novice\",\"Objave\"],\"inLanguage\":\"hr\"},{\"@type\":\"WebPage\",\"@id\":\"https:\\\/\\\/www.kozmetika-martur.si\\\/novice\\\/trda-in-razpokana-koza\\\/\",\"url\":\"https:\\\/\\\/www.kozmetika-martur.si\\\/novice\\\/trda-in-razpokana-koza\\\/\",\"name\":\"Trda in razpokana ko\u017ea - Kozmetika Martur\",\"isPartOf\":{\"@id\":\"https:\\\/\\\/www.kozmetika-martur.si\\\/#website\"},\"primaryImageOfPage\":{\"@id\":\"https:\\\/\\\/www.kozmetika-martur.si\\\/novice\\\/trda-in-razpokana-koza\\\/#primaryimage\"},\"image\":{\"@id\":\"https:\\\/\\\/www.kozmetika-martur.si\\\/novice\\\/trda-in-razpokana-koza\\\/#primaryimage\"},\"thumbnailUrl\":\"https:\\\/\\\/www.kozmetika-martur.si\\\/wp-content\\\/uploads\\\/2022\\\/10\\\/EE87787C-36D0-4C97-9F34-01762D6FF3EB.jpeg\",\"datePublished\":\"2022-10-27T20:57:17+00:00\",\"breadcrumb\":{\"@id\":\"https:\\\/\\\/www.kozmetika-martur.si\\\/novice\\\/trda-in-razpokana-koza\\\/#breadcrumb\"},\"inLanguage\":\"hr\",\"potentialAction\":[{\"@type\":\"ReadAction\",\"target\":[\"https:\\\/\\\/www.kozmetika-martur.si\\\/novice\\\/trda-in-razpokana-koza\\\/\"]}]},{\"@type\":\"ImageObject\",\"inLanguage\":\"hr\",\"@id\":\"https:\\\/\\\/www.kozmetika-martur.si\\\/novice\\\/trda-in-razpokana-koza\\\/#primaryimage\",\"url\":\"https:\\\/\\\/www.kozmetika-martur.si\\\/wp-content\\\/uploads\\\/2022\\\/10\\\/EE87787C-36D0-4C97-9F34-01762D6FF3EB.jpeg\",\"contentUrl\":\"https:\\\/\\\/www.kozmetika-martur.si\\\/wp-content\\\/uploads\\\/2022\\\/10\\\/EE87787C-36D0-4C97-9F34-01762D6FF3EB.jpeg\",\"width\":960,\"height\":1200},{\"@type\":\"BreadcrumbList\",\"@id\":\"https:\\\/\\\/www.kozmetika-martur.si\\\/novice\\\/trda-in-razpokana-koza\\\/#breadcrumb\",\"itemListElement\":[{\"@type\":\"ListItem\",\"position\":1,\"name\":\"Home\",\"item\":\"https:\\\/\\\/www.kozmetika-martur.si\\\/\"},{\"@type\":\"ListItem\",\"position\":2,\"name\":\"Trda in razpokana ko\u017ea\"}]},{\"@type\":\"WebSite\",\"@id\":\"https:\\\/\\\/www.kozmetika-martur.si\\\/#website\",\"url\":\"https:\\\/\\\/www.kozmetika-martur.si\\\/\",\"name\":\"Kozmetika Martur\",\"description\":\"Profesionalna slovenska kozmetika\",\"publisher\":{\"@id\":\"https:\\\/\\\/www.kozmetika-martur.si\\\/#organization\"},\"potentialAction\":[{\"@type\":\"SearchAction\",\"target\":{\"@type\":\"EntryPoint\",\"urlTemplate\":\"https:\\\/\\\/www.kozmetika-martur.si\\\/?s={search_term_string}\"},\"query-input\":{\"@type\":\"PropertyValueSpecification\",\"valueRequired\":true,\"valueName\":\"search_term_string\"}}],\"inLanguage\":\"hr\"},{\"@type\":\"Organization\",\"@id\":\"https:\\\/\\\/www.kozmetika-martur.si\\\/#organization\",\"name\":\"Kozmetika Martur\",\"url\":\"https:\\\/\\\/www.kozmetika-martur.si\\\/\",\"logo\":{\"@type\":\"ImageObject\",\"inLanguage\":\"hr\",\"@id\":\"https:\\\/\\\/www.kozmetika-martur.si\\\/#\\\/schema\\\/logo\\\/image\\\/\",\"url\":\"https:\\\/\\\/www.kozmetika-martur.si\\\/wp-content\\\/uploads\\\/2021\\\/09\\\/kozmetika-martur-logo.jpg\",\"contentUrl\":\"https:\\\/\\\/www.kozmetika-martur.si\\\/wp-content\\\/uploads\\\/2021\\\/09\\\/kozmetika-martur-logo.jpg\",\"width\":400,\"height\":319,\"caption\":\"Kozmetika Martur\"},\"image\":{\"@id\":\"https:\\\/\\\/www.kozmetika-martur.si\\\/#\\\/schema\\\/logo\\\/image\\\/\"},\"sameAs\":[\"https:\\\/\\\/www.facebook.com\\\/profile.php?id=100073150506190\",\"https:\\\/\\\/www.instagram.com\\\/kozmetikamartur\\\/\"]},{\"@type\":\"Person\",\"@id\":\"https:\\\/\\\/www.kozmetika-martur.si\\\/#\\\/schema\\\/person\\\/652caf62a6ffbddcfdff49b99a031f47\",\"name\":\"Ur\u0161ka Martinec\"}]}<\/script>\n<!-- \/ Yoast SEO plugin. -->","yoast_head_json":{"title":"Trda in razpokana ko\u017ea - Kozmetika Martur","robots":{"index":"index","follow":"follow","max-snippet":"max-snippet:-1","max-image-preview":"max-image-preview:large","max-video-preview":"max-video-preview:-1"},"canonical":"https:\/\/www.kozmetika-martur.si\/hr\/novice\/trda-in-razpokana-koza\/","og_locale":"hr_HR","og_type":"article","og_title":"Trda in razpokana ko\u017ea - Kozmetika Martur","og_description":"V jesenskem in zimskem \u010dasu se pogosto na ko\u017ei lahko pojavi razpokana, lu\u0161\u010de\u010da in pordela ko\u017ea. Vzrokov za nastanek je lahko ve\u010d. V\u010dasih se lahko suha ko\u017ea na stopalih pojavi tudi zaradi dra\u017eenja obutve in vlage v nogavicah. Ko\u017ea lahko na dolo\u010denih delih postane tudi zadebeljena in se lu\u0161\u010di, po navadi tak\u0161ne te\u017eave spremlja tudi [&hellip;]","og_url":"https:\/\/www.kozmetika-martur.si\/hr\/novice\/trda-in-razpokana-koza\/","og_site_name":"Kozmetika Martur","article_publisher":"https:\/\/www.facebook.com\/profile.php?id=100073150506190","article_published_time":"2022-10-27T20:57:17+00:00","og_image":[{"width":1440,"height":1800,"url":"https:\/\/www.kozmetika-martur.si\/wp-content\/uploads\/2022\/10\/EE87787C-36D0-4C97-9F34-01762D6FF3EB.jpeg","type":"image\/jpeg"}],"author":"Ur\u0161ka Martinec","twitter_card":"summary_large_image","twitter_misc":{"Napisao\/la":"Ur\u0161ka Martinec","Procijenjeno vrijeme \u010ditanja":"2 minute"},"schema":{"@context":"https:\/\/schema.org","@graph":[{"@type":"Article","@id":"https:\/\/www.kozmetika-martur.si\/novice\/trda-in-razpokana-koza\/#article","isPartOf":{"@id":"https:\/\/www.kozmetika-martur.si\/novice\/trda-in-razpokana-koza\/"},"author":{"name":"Ur\u0161ka Martinec","@id":"https:\/\/www.kozmetika-martur.si\/#\/schema\/person\/652caf62a6ffbddcfdff49b99a031f47"},"headline":"Trda in razpokana ko\u017ea","datePublished":"2022-10-27T20:57:17+00:00","mainEntityOfPage":{"@id":"https:\/\/www.kozmetika-martur.si\/novice\/trda-in-razpokana-koza\/"},"wordCount":239,"publisher":{"@id":"https:\/\/www.kozmetika-martur.si\/#organization"},"image":{"@id":"https:\/\/www.kozmetika-martur.si\/novice\/trda-in-razpokana-koza\/#primaryimage"},"thumbnailUrl":"https:\/\/www.kozmetika-martur.si\/wp-content\/uploads\/2022\/10\/EE87787C-36D0-4C97-9F34-01762D6FF3EB.jpeg","articleSection":["Novice","Objave"],"inLanguage":"hr"},{"@type":"WebPage","@id":"https:\/\/www.kozmetika-martur.si\/novice\/trda-in-razpokana-koza\/","url":"https:\/\/www.kozmetika-martur.si\/novice\/trda-in-razpokana-koza\/","name":"Trda in razpokana ko\u017ea - Kozmetika Martur","isPartOf":{"@id":"https:\/\/www.kozmetika-martur.si\/#website"},"primaryImageOfPage":{"@id":"https:\/\/www.kozmetika-martur.si\/novice\/trda-in-razpokana-koza\/#primaryimage"},"image":{"@id":"https:\/\/www.kozmetika-martur.si\/novice\/trda-in-razpokana-koza\/#primaryimage"},"thumbnailUrl":"https:\/\/www.kozmetika-martur.si\/wp-content\/uploads\/2022\/10\/EE87787C-36D0-4C97-9F34-01762D6FF3EB.jpeg","datePublished":"2022-10-27T20:57:17+00:00","breadcrumb":{"@id":"https:\/\/www.kozmetika-martur.si\/novice\/trda-in-razpokana-koza\/#breadcrumb"},"inLanguage":"hr","potentialAction":[{"@type":"ReadAction","target":["https:\/\/www.kozmetika-martur.si\/novice\/trda-in-razpokana-koza\/"]}]},{"@type":"ImageObject","inLanguage":"hr","@id":"https:\/\/www.kozmetika-martur.si\/novice\/trda-in-razpokana-koza\/#primaryimage","url":"https:\/\/www.kozmetika-martur.si\/wp-content\/uploads\/2022\/10\/EE87787C-36D0-4C97-9F34-01762D6FF3EB.jpeg","contentUrl":"https:\/\/www.kozmetika-martur.si\/wp-content\/uploads\/2022\/10\/EE87787C-36D0-4C97-9F34-01762D6FF3EB.jpeg","width":960,"height":1200},{"@type":"BreadcrumbList","@id":"https:\/\/www.kozmetika-martur.si\/novice\/trda-in-razpokana-koza\/#breadcrumb","itemListElement":[{"@type":"ListItem","position":1,"name":"Home","item":"https:\/\/www.kozmetika-martur.si\/"},{"@type":"ListItem","position":2,"name":"Trda in razpokana ko\u017ea"}]},{"@type":"WebSite","@id":"https:\/\/www.kozmetika-martur.si\/#website","url":"https:\/\/www.kozmetika-martur.si\/","name":"Kozmetika Martur","description":"Profesionalna slovenska kozmetika","publisher":{"@id":"https:\/\/www.kozmetika-martur.si\/#organization"},"potentialAction":[{"@type":"SearchAction","target":{"@type":"EntryPoint","urlTemplate":"https:\/\/www.kozmetika-martur.si\/?s={search_term_string}"},"query-input":{"@type":"PropertyValueSpecification","valueRequired":true,"valueName":"search_term_string"}}],"inLanguage":"hr"},{"@type":"Organization","@id":"https:\/\/www.kozmetika-martur.si\/#organization","name":"Kozmetika Martur","url":"https:\/\/www.kozmetika-martur.si\/","logo":{"@type":"ImageObject","inLanguage":"hr","@id":"https:\/\/www.kozmetika-martur.si\/#\/schema\/logo\/image\/","url":"https:\/\/www.kozmetika-martur.si\/wp-content\/uploads\/2021\/09\/kozmetika-martur-logo.jpg","contentUrl":"https:\/\/www.kozmetika-martur.si\/wp-content\/uploads\/2021\/09\/kozmetika-martur-logo.jpg","width":400,"height":319,"caption":"Kozmetika Martur"},"image":{"@id":"https:\/\/www.kozmetika-martur.si\/#\/schema\/logo\/image\/"},"sameAs":["https:\/\/www.facebook.com\/profile.php?id=100073150506190","https:\/\/www.instagram.com\/kozmetikamartur\/"]},{"@type":"Person","@id":"https:\/\/www.kozmetika-martur.si\/#\/schema\/person\/652caf62a6ffbddcfdff49b99a031f47","name":"Ur\u0161ka Martinec"}]}},"_links":{"self":[{"href":"https:\/\/www.kozmetika-martur.si\/hr\/wp-json\/wp\/v2\/posts\/1631","targetHints":{"allow":["GET"]}}],"collection":[{"href":"https:\/\/www.kozmetika-martur.si\/hr\/wp-json\/wp\/v2\/posts"}],"about":[{"href":"https:\/\/www.kozmetika-martur.si\/hr\/wp-json\/wp\/v2\/types\/post"}],"author":[{"embeddable":true,"href":"https:\/\/www.kozmetika-martur.si\/hr\/wp-json\/wp\/v2\/users\/2"}],"replies":[{"embeddable":true,"href":"https:\/\/www.kozmetika-martur.si\/hr\/wp-json\/wp\/v2\/comments?post=1631"}],"version-history":[{"count":1,"href":"https:\/\/www.kozmetika-martur.si\/hr\/wp-json\/wp\/v2\/posts\/1631\/revisions"}],"predecessor-version":[{"id":1634,"href":"https:\/\/www.kozmetika-martur.si\/hr\/wp-json\/wp\/v2\/posts\/1631\/revisions\/1634"}],"wp:featuredmedia":[{"embeddable":true,"href":"https:\/\/www.kozmetika-martur.si\/hr\/wp-json\/wp\/v2\/media\/1632"}],"wp:attachment":[{"href":"https:\/\/www.kozmetika-martur.si\/hr\/wp-json\/wp\/v2\/media?parent=1631"}],"wp:term":[{"taxonomy":"category","embeddable":true,"href":"https:\/\/www.kozmetika-martur.si\/hr\/wp-json\/wp\/v2\/categories?post=1631"},{"taxonomy":"post_tag","embeddable":true,"href":"https:\/\/www.kozmetika-martur.si\/hr\/wp-json\/wp\/v2\/tags?post=1631"}],"curies":[{"name":"wp","href":"https:\/\/api.w.org\/{rel}","templated":true}]}}