{"id":2039,"date":"2023-03-29T22:25:41","date_gmt":"2023-03-29T20:25:41","guid":{"rendered":"https:\/\/www.kozmetika-martur.si\/?p=2039"},"modified":"2023-03-29T22:25:41","modified_gmt":"2023-03-29T20:25:41","slug":"rdecica","status":"publish","type":"post","link":"https:\/\/www.kozmetika-martur.si\/hr\/objave\/rdecica\/","title":{"rendered":"Rde\u010dica"},"content":{"rendered":"<p><strong>Za\u0161to se pojavljuje crvenilo kod kori\u0161tenja proizvoda s aktivnim sastojcima?<\/strong><\/p>\n<ul>\n<li>\u010cesto se kod kori\u0161tenja odre\u0111enih proizvoda koji su namijenjeni obnovi ko\u017ene barijere pojavi crvenilo na licu, \u0161to je tipi\u010dan znak da nam je ko\u017ena barijera o\u0161te\u0107ena.<\/li>\n<li><em>\u0160to to zna\u010di?\u00a0<\/em>Ako je ko\u017ena barijera o\u0161te\u0107ena, to zna\u010di da postoji neravnote\u017ea epidermalnih lipida, pa se pove\u0107ava propusnost ko\u017ee. Stoga tvari mogu prodrijeti u ko\u017eu dublje nego ina\u010de i izazvati crvenilo ili iritaciju ko\u017ee.<br \/>\nNakon otprilike 2-4 tjedna, me\u0111utim, barijera se ponovno uspostavlja kori\u0161tenjem ispravnih proizvoda, a zatim se crvenilo vi\u0161e ne pojavljuje.<\/li>\n<li>Danas mnogi kupci imaju o\u0161te\u0107enu ko\u017enu barijeru, zbog \u010dega se \u010desto javlja crvenilo kod kori\u0161tenja kozmeti\u010dkih proizvoda s aktivnim sastojcima.<\/li>\n<\/ul>\n<p><img loading=\"lazy\" decoding=\"async\" class=\"size-medium wp-image-2040 aligncenter\" src=\"https:\/\/www.kozmetika-martur.si\/wp-content\/uploads\/2023\/03\/Screenshot_20230329_222355_com.instagram.android_edit_907067596799611-600x595.jpg\" alt=\"\" width=\"600\" height=\"595\" \/><\/p>","protected":false},"excerpt":{"rendered":"<p>Zakaj se pojavi rde\u010dica ob uporabi izdelkov z aktivnimi sestavinami? Pogosto se ob uporabi dolo\u010denih izdelkov, ki so namenjeni obnovi ko\u017ene bariere pojavi rde\u010dica na obrazu, kar je tipi\u010den znak, da je okvarjena na\u0161a ko\u017ena bariera. Kaj to pomeni?\u00a0\u010ce je okvarjena ko\u017ena bariera, pomeni da pride do neravnovesja epidermalnih lipidov, zato se pove\u010da prepustnost ko\u017ee. [&hellip;]<\/p>\n","protected":false},"author":2,"featured_media":2040,"comment_status":"closed","ping_status":"open","sticky":false,"template":"","format":"standard","meta":{"_acf_changed":false,"_et_pb_use_builder":"","_et_pb_old_content":"","_et_gb_content_width":"","footnotes":""},"categories":[27,29],"tags":[],"class_list":["post-2039","post","type-post","status-publish","format-standard","has-post-thumbnail","hentry","category-izdelki","category-objave"],"acf":[],"yoast_head":"<!-- This site is optimized with the Yoast SEO plugin v27.5 - https:\/\/yoast.com\/product\/yoast-seo-wordpress\/ -->\n<title>Rde\u010dica - Kozmetika Martur<\/title>\n<meta name=\"robots\" content=\"index, follow, max-snippet:-1, max-image-preview:large, max-video-preview:-1\" \/>\n<link rel=\"canonical\" href=\"https:\/\/www.kozmetika-martur.si\/hr\/objave\/rdecica\/\" \/>\n<meta property=\"og:locale\" content=\"hr_HR\" \/>\n<meta property=\"og:type\" content=\"article\" \/>\n<meta property=\"og:title\" content=\"Rde\u010dica - Kozmetika Martur\" \/>\n<meta property=\"og:description\" content=\"Zakaj se pojavi rde\u010dica ob uporabi izdelkov z aktivnimi sestavinami? Pogosto se ob uporabi dolo\u010denih izdelkov, ki so namenjeni obnovi ko\u017ene bariere pojavi rde\u010dica na obrazu, kar je tipi\u010den znak, da je okvarjena na\u0161a ko\u017ena bariera. Kaj to pomeni?\u00a0\u010ce je okvarjena ko\u017ena bariera, pomeni da pride do neravnovesja epidermalnih lipidov, zato se pove\u010da prepustnost ko\u017ee. [&hellip;]\" \/>\n<meta property=\"og:url\" content=\"https:\/\/www.kozmetika-martur.si\/hr\/objave\/rdecica\/\" \/>\n<meta property=\"og:site_name\" content=\"Kozmetika Martur\" \/>\n<meta property=\"article:publisher\" content=\"https:\/\/www.facebook.com\/profile.php?id=100073150506190\" \/>\n<meta property=\"article:published_time\" content=\"2023-03-29T20:25:41+00:00\" \/>\n<meta property=\"og:image\" content=\"https:\/\/www.kozmetika-martur.si\/wp-content\/uploads\/2023\/03\/Screenshot_20230329_222355_com.instagram.android_edit_907067596799611.jpg\" \/>\n\t<meta property=\"og:image:width\" content=\"1080\" \/>\n\t<meta property=\"og:image:height\" content=\"1071\" \/>\n\t<meta property=\"og:image:type\" content=\"image\/jpeg\" \/>\n<meta name=\"author\" content=\"Ur\u0161ka Martinec\" \/>\n<meta name=\"twitter:card\" content=\"summary_large_image\" \/>\n<meta name=\"twitter:label1\" content=\"Napisao\/la\" \/>\n\t<meta name=\"twitter:data1\" content=\"Ur\u0161ka Martinec\" \/>\n\t<meta name=\"twitter:label2\" content=\"Procijenjeno vrijeme \u010ditanja\" \/>\n\t<meta name=\"twitter:data2\" content=\"1 minuta\" \/>\n<script type=\"application\/ld+json\" class=\"yoast-schema-graph\">{\"@context\":\"https:\\\/\\\/schema.org\",\"@graph\":[{\"@type\":\"Article\",\"@id\":\"https:\\\/\\\/www.kozmetika-martur.si\\\/objave\\\/rdecica\\\/#article\",\"isPartOf\":{\"@id\":\"https:\\\/\\\/www.kozmetika-martur.si\\\/objave\\\/rdecica\\\/\"},\"author\":{\"name\":\"Ur\u0161ka Martinec\",\"@id\":\"https:\\\/\\\/www.kozmetika-martur.si\\\/#\\\/schema\\\/person\\\/652caf62a6ffbddcfdff49b99a031f47\"},\"headline\":\"Rde\u010dica\",\"datePublished\":\"2023-03-29T20:25:41+00:00\",\"mainEntityOfPage\":{\"@id\":\"https:\\\/\\\/www.kozmetika-martur.si\\\/objave\\\/rdecica\\\/\"},\"wordCount\":132,\"publisher\":{\"@id\":\"https:\\\/\\\/www.kozmetika-martur.si\\\/#organization\"},\"image\":{\"@id\":\"https:\\\/\\\/www.kozmetika-martur.si\\\/objave\\\/rdecica\\\/#primaryimage\"},\"thumbnailUrl\":\"https:\\\/\\\/www.kozmetika-martur.si\\\/wp-content\\\/uploads\\\/2023\\\/03\\\/Screenshot_20230329_222355_com.instagram.android_edit_907067596799611.jpg\",\"articleSection\":[\"Izdelki\",\"Objave\"],\"inLanguage\":\"hr\"},{\"@type\":\"WebPage\",\"@id\":\"https:\\\/\\\/www.kozmetika-martur.si\\\/objave\\\/rdecica\\\/\",\"url\":\"https:\\\/\\\/www.kozmetika-martur.si\\\/objave\\\/rdecica\\\/\",\"name\":\"Rde\u010dica - Kozmetika Martur\",\"isPartOf\":{\"@id\":\"https:\\\/\\\/www.kozmetika-martur.si\\\/#website\"},\"primaryImageOfPage\":{\"@id\":\"https:\\\/\\\/www.kozmetika-martur.si\\\/objave\\\/rdecica\\\/#primaryimage\"},\"image\":{\"@id\":\"https:\\\/\\\/www.kozmetika-martur.si\\\/objave\\\/rdecica\\\/#primaryimage\"},\"thumbnailUrl\":\"https:\\\/\\\/www.kozmetika-martur.si\\\/wp-content\\\/uploads\\\/2023\\\/03\\\/Screenshot_20230329_222355_com.instagram.android_edit_907067596799611.jpg\",\"datePublished\":\"2023-03-29T20:25:41+00:00\",\"breadcrumb\":{\"@id\":\"https:\\\/\\\/www.kozmetika-martur.si\\\/objave\\\/rdecica\\\/#breadcrumb\"},\"inLanguage\":\"hr\",\"potentialAction\":[{\"@type\":\"ReadAction\",\"target\":[\"https:\\\/\\\/www.kozmetika-martur.si\\\/objave\\\/rdecica\\\/\"]}]},{\"@type\":\"ImageObject\",\"inLanguage\":\"hr\",\"@id\":\"https:\\\/\\\/www.kozmetika-martur.si\\\/objave\\\/rdecica\\\/#primaryimage\",\"url\":\"https:\\\/\\\/www.kozmetika-martur.si\\\/wp-content\\\/uploads\\\/2023\\\/03\\\/Screenshot_20230329_222355_com.instagram.android_edit_907067596799611.jpg\",\"contentUrl\":\"https:\\\/\\\/www.kozmetika-martur.si\\\/wp-content\\\/uploads\\\/2023\\\/03\\\/Screenshot_20230329_222355_com.instagram.android_edit_907067596799611.jpg\",\"width\":1080,\"height\":1071},{\"@type\":\"BreadcrumbList\",\"@id\":\"https:\\\/\\\/www.kozmetika-martur.si\\\/objave\\\/rdecica\\\/#breadcrumb\",\"itemListElement\":[{\"@type\":\"ListItem\",\"position\":1,\"name\":\"Home\",\"item\":\"https:\\\/\\\/www.kozmetika-martur.si\\\/\"},{\"@type\":\"ListItem\",\"position\":2,\"name\":\"Rde\u010dica\"}]},{\"@type\":\"WebSite\",\"@id\":\"https:\\\/\\\/www.kozmetika-martur.si\\\/#website\",\"url\":\"https:\\\/\\\/www.kozmetika-martur.si\\\/\",\"name\":\"Kozmetika Martur\",\"description\":\"Profesionalna slovenska kozmetika\",\"publisher\":{\"@id\":\"https:\\\/\\\/www.kozmetika-martur.si\\\/#organization\"},\"potentialAction\":[{\"@type\":\"SearchAction\",\"target\":{\"@type\":\"EntryPoint\",\"urlTemplate\":\"https:\\\/\\\/www.kozmetika-martur.si\\\/?s={search_term_string}\"},\"query-input\":{\"@type\":\"PropertyValueSpecification\",\"valueRequired\":true,\"valueName\":\"search_term_string\"}}],\"inLanguage\":\"hr\"},{\"@type\":\"Organization\",\"@id\":\"https:\\\/\\\/www.kozmetika-martur.si\\\/#organization\",\"name\":\"Kozmetika Martur\",\"url\":\"https:\\\/\\\/www.kozmetika-martur.si\\\/\",\"logo\":{\"@type\":\"ImageObject\",\"inLanguage\":\"hr\",\"@id\":\"https:\\\/\\\/www.kozmetika-martur.si\\\/#\\\/schema\\\/logo\\\/image\\\/\",\"url\":\"https:\\\/\\\/www.kozmetika-martur.si\\\/wp-content\\\/uploads\\\/2021\\\/09\\\/kozmetika-martur-logo.jpg\",\"contentUrl\":\"https:\\\/\\\/www.kozmetika-martur.si\\\/wp-content\\\/uploads\\\/2021\\\/09\\\/kozmetika-martur-logo.jpg\",\"width\":400,\"height\":319,\"caption\":\"Kozmetika Martur\"},\"image\":{\"@id\":\"https:\\\/\\\/www.kozmetika-martur.si\\\/#\\\/schema\\\/logo\\\/image\\\/\"},\"sameAs\":[\"https:\\\/\\\/www.facebook.com\\\/profile.php?id=100073150506190\",\"https:\\\/\\\/www.instagram.com\\\/kozmetikamartur\\\/\"]},{\"@type\":\"Person\",\"@id\":\"https:\\\/\\\/www.kozmetika-martur.si\\\/#\\\/schema\\\/person\\\/652caf62a6ffbddcfdff49b99a031f47\",\"name\":\"Ur\u0161ka Martinec\"}]}<\/script>\n<!-- \/ Yoast SEO plugin. -->","yoast_head_json":{"title":"Rde\u010dica - Kozmetika Martur","robots":{"index":"index","follow":"follow","max-snippet":"max-snippet:-1","max-image-preview":"max-image-preview:large","max-video-preview":"max-video-preview:-1"},"canonical":"https:\/\/www.kozmetika-martur.si\/hr\/objave\/rdecica\/","og_locale":"hr_HR","og_type":"article","og_title":"Rde\u010dica - Kozmetika Martur","og_description":"Zakaj se pojavi rde\u010dica ob uporabi izdelkov z aktivnimi sestavinami? Pogosto se ob uporabi dolo\u010denih izdelkov, ki so namenjeni obnovi ko\u017ene bariere pojavi rde\u010dica na obrazu, kar je tipi\u010den znak, da je okvarjena na\u0161a ko\u017ena bariera. Kaj to pomeni?\u00a0\u010ce je okvarjena ko\u017ena bariera, pomeni da pride do neravnovesja epidermalnih lipidov, zato se pove\u010da prepustnost ko\u017ee. [&hellip;]","og_url":"https:\/\/www.kozmetika-martur.si\/hr\/objave\/rdecica\/","og_site_name":"Kozmetika Martur","article_publisher":"https:\/\/www.facebook.com\/profile.php?id=100073150506190","article_published_time":"2023-03-29T20:25:41+00:00","og_image":[{"width":1080,"height":1071,"url":"https:\/\/www.kozmetika-martur.si\/wp-content\/uploads\/2023\/03\/Screenshot_20230329_222355_com.instagram.android_edit_907067596799611.jpg","type":"image\/jpeg"}],"author":"Ur\u0161ka Martinec","twitter_card":"summary_large_image","twitter_misc":{"Napisao\/la":"Ur\u0161ka Martinec","Procijenjeno vrijeme \u010ditanja":"1 minuta"},"schema":{"@context":"https:\/\/schema.org","@graph":[{"@type":"Article","@id":"https:\/\/www.kozmetika-martur.si\/objave\/rdecica\/#article","isPartOf":{"@id":"https:\/\/www.kozmetika-martur.si\/objave\/rdecica\/"},"author":{"name":"Ur\u0161ka Martinec","@id":"https:\/\/www.kozmetika-martur.si\/#\/schema\/person\/652caf62a6ffbddcfdff49b99a031f47"},"headline":"Rde\u010dica","datePublished":"2023-03-29T20:25:41+00:00","mainEntityOfPage":{"@id":"https:\/\/www.kozmetika-martur.si\/objave\/rdecica\/"},"wordCount":132,"publisher":{"@id":"https:\/\/www.kozmetika-martur.si\/#organization"},"image":{"@id":"https:\/\/www.kozmetika-martur.si\/objave\/rdecica\/#primaryimage"},"thumbnailUrl":"https:\/\/www.kozmetika-martur.si\/wp-content\/uploads\/2023\/03\/Screenshot_20230329_222355_com.instagram.android_edit_907067596799611.jpg","articleSection":["Izdelki","Objave"],"inLanguage":"hr"},{"@type":"WebPage","@id":"https:\/\/www.kozmetika-martur.si\/objave\/rdecica\/","url":"https:\/\/www.kozmetika-martur.si\/objave\/rdecica\/","name":"Rde\u010dica - Kozmetika Martur","isPartOf":{"@id":"https:\/\/www.kozmetika-martur.si\/#website"},"primaryImageOfPage":{"@id":"https:\/\/www.kozmetika-martur.si\/objave\/rdecica\/#primaryimage"},"image":{"@id":"https:\/\/www.kozmetika-martur.si\/objave\/rdecica\/#primaryimage"},"thumbnailUrl":"https:\/\/www.kozmetika-martur.si\/wp-content\/uploads\/2023\/03\/Screenshot_20230329_222355_com.instagram.android_edit_907067596799611.jpg","datePublished":"2023-03-29T20:25:41+00:00","breadcrumb":{"@id":"https:\/\/www.kozmetika-martur.si\/objave\/rdecica\/#breadcrumb"},"inLanguage":"hr","potentialAction":[{"@type":"ReadAction","target":["https:\/\/www.kozmetika-martur.si\/objave\/rdecica\/"]}]},{"@type":"ImageObject","inLanguage":"hr","@id":"https:\/\/www.kozmetika-martur.si\/objave\/rdecica\/#primaryimage","url":"https:\/\/www.kozmetika-martur.si\/wp-content\/uploads\/2023\/03\/Screenshot_20230329_222355_com.instagram.android_edit_907067596799611.jpg","contentUrl":"https:\/\/www.kozmetika-martur.si\/wp-content\/uploads\/2023\/03\/Screenshot_20230329_222355_com.instagram.android_edit_907067596799611.jpg","width":1080,"height":1071},{"@type":"BreadcrumbList","@id":"https:\/\/www.kozmetika-martur.si\/objave\/rdecica\/#breadcrumb","itemListElement":[{"@type":"ListItem","position":1,"name":"Home","item":"https:\/\/www.kozmetika-martur.si\/"},{"@type":"ListItem","position":2,"name":"Rde\u010dica"}]},{"@type":"WebSite","@id":"https:\/\/www.kozmetika-martur.si\/#website","url":"https:\/\/www.kozmetika-martur.si\/","name":"Kozmetika Martur","description":"Profesionalna slovenska kozmetika","publisher":{"@id":"https:\/\/www.kozmetika-martur.si\/#organization"},"potentialAction":[{"@type":"SearchAction","target":{"@type":"EntryPoint","urlTemplate":"https:\/\/www.kozmetika-martur.si\/?s={search_term_string}"},"query-input":{"@type":"PropertyValueSpecification","valueRequired":true,"valueName":"search_term_string"}}],"inLanguage":"hr"},{"@type":"Organization","@id":"https:\/\/www.kozmetika-martur.si\/#organization","name":"Kozmetika Martur","url":"https:\/\/www.kozmetika-martur.si\/","logo":{"@type":"ImageObject","inLanguage":"hr","@id":"https:\/\/www.kozmetika-martur.si\/#\/schema\/logo\/image\/","url":"https:\/\/www.kozmetika-martur.si\/wp-content\/uploads\/2021\/09\/kozmetika-martur-logo.jpg","contentUrl":"https:\/\/www.kozmetika-martur.si\/wp-content\/uploads\/2021\/09\/kozmetika-martur-logo.jpg","width":400,"height":319,"caption":"Kozmetika Martur"},"image":{"@id":"https:\/\/www.kozmetika-martur.si\/#\/schema\/logo\/image\/"},"sameAs":["https:\/\/www.facebook.com\/profile.php?id=100073150506190","https:\/\/www.instagram.com\/kozmetikamartur\/"]},{"@type":"Person","@id":"https:\/\/www.kozmetika-martur.si\/#\/schema\/person\/652caf62a6ffbddcfdff49b99a031f47","name":"Ur\u0161ka Martinec"}]}},"_links":{"self":[{"href":"https:\/\/www.kozmetika-martur.si\/hr\/wp-json\/wp\/v2\/posts\/2039","targetHints":{"allow":["GET"]}}],"collection":[{"href":"https:\/\/www.kozmetika-martur.si\/hr\/wp-json\/wp\/v2\/posts"}],"about":[{"href":"https:\/\/www.kozmetika-martur.si\/hr\/wp-json\/wp\/v2\/types\/post"}],"author":[{"embeddable":true,"href":"https:\/\/www.kozmetika-martur.si\/hr\/wp-json\/wp\/v2\/users\/2"}],"replies":[{"embeddable":true,"href":"https:\/\/www.kozmetika-martur.si\/hr\/wp-json\/wp\/v2\/comments?post=2039"}],"version-history":[{"count":1,"href":"https:\/\/www.kozmetika-martur.si\/hr\/wp-json\/wp\/v2\/posts\/2039\/revisions"}],"predecessor-version":[{"id":2041,"href":"https:\/\/www.kozmetika-martur.si\/hr\/wp-json\/wp\/v2\/posts\/2039\/revisions\/2041"}],"wp:featuredmedia":[{"embeddable":true,"href":"https:\/\/www.kozmetika-martur.si\/hr\/wp-json\/wp\/v2\/media\/2040"}],"wp:attachment":[{"href":"https:\/\/www.kozmetika-martur.si\/hr\/wp-json\/wp\/v2\/media?parent=2039"}],"wp:term":[{"taxonomy":"category","embeddable":true,"href":"https:\/\/www.kozmetika-martur.si\/hr\/wp-json\/wp\/v2\/categories?post=2039"},{"taxonomy":"post_tag","embeddable":true,"href":"https:\/\/www.kozmetika-martur.si\/hr\/wp-json\/wp\/v2\/tags?post=2039"}],"curies":[{"name":"wp","href":"https:\/\/api.w.org\/{rel}","templated":true}]}}