{"id":2573,"date":"2024-02-04T11:00:50","date_gmt":"2024-02-04T10:00:50","guid":{"rendered":"https:\/\/www.kozmetika-martur.si\/?p=2573"},"modified":"2024-02-04T12:03:34","modified_gmt":"2024-02-04T11:03:34","slug":"prakticna-delavnica-kozmetike-martur","status":"publish","type":"post","link":"https:\/\/www.kozmetika-martur.si\/hr\/novice\/prakticna-delavnica-kozmetike-martur\/","title":{"rendered":"prakti\u010dna radionica Martur kozmetike"},"content":{"rendered":"<p>U sklopu doga\u0111anja Martur professional skin care slavlje koje je odr\u017eano 14. listopada odr\u017eali smo i prakti\u010dnu radionicu.<br \/>\nNa\u0161e kozmeti\u010darke Nina i Polona iz kozmeti\u010dkog salona\u00a0<a class=\"x1i10hfl xjbqb8w x1ejq31n xd10rxx x1sy0etr x17r0tee x972fbf xcfux6l x1qhh985 xm0m39n x9f619 x1ypdohk xt0psk2 xe8uvvx xdj266r x11i5rnm xat24cr x1mh8g0r xexx8yu x4uap5 x18d9i69 xkhd6sd x16tdsg8 x1hl2dhg xggy1nq x1a2a7pz notranslate _a6hd\" tabindex=\"0\" role=\"link\" href=\"https:\/\/www.instagram.com\/goddessbeautyzone.si\/\">@goddessbeautyzone.si<\/a>\u00a0izvr\u0161ili njegu lica prema na\u0161em protokolu.<\/p>\n<p><img loading=\"lazy\" decoding=\"async\" class=\"size-medium wp-image-2574 aligncenter\" src=\"https:\/\/www.kozmetika-martur.si\/wp-content\/uploads\/2024\/02\/Rd_delavnica-600x399.png\" alt=\"\" width=\"600\" height=\"399\" srcset=\"https:\/\/www.kozmetika-martur.si\/wp-content\/uploads\/2024\/02\/Rd_delavnica-600x399.png 600w, https:\/\/www.kozmetika-martur.si\/wp-content\/uploads\/2024\/02\/Rd_delavnica-480x319.png 480w\" sizes=\"(min-width: 0px) and (max-width: 480px) 480px, (min-width: 481px) 600px, 100vw\" \/> <img loading=\"lazy\" decoding=\"async\" class=\"size-medium wp-image-2575 aligncenter\" src=\"https:\/\/www.kozmetika-martur.si\/wp-content\/uploads\/2024\/02\/Rd_delavnica_2-600x402.png\" alt=\"\" width=\"600\" height=\"402\" srcset=\"https:\/\/www.kozmetika-martur.si\/wp-content\/uploads\/2024\/02\/Rd_delavnica_2-600x402.png 600w, https:\/\/www.kozmetika-martur.si\/wp-content\/uploads\/2024\/02\/Rd_delavnica_2-480x322.png 480w\" sizes=\"(min-width: 0px) and (max-width: 480px) 480px, (min-width: 481px) 600px, 100vw\" \/> <img loading=\"lazy\" decoding=\"async\" class=\"size-medium wp-image-2576 aligncenter\" src=\"https:\/\/www.kozmetika-martur.si\/wp-content\/uploads\/2024\/02\/Rd_delavnica_3-600x380.png\" alt=\"\" width=\"600\" height=\"380\" srcset=\"https:\/\/www.kozmetika-martur.si\/wp-content\/uploads\/2024\/02\/Rd_delavnica_3-600x380.png 600w, https:\/\/www.kozmetika-martur.si\/wp-content\/uploads\/2024\/02\/Rd_delavnica_3-480x304.png 480w\" sizes=\"(min-width: 0px) and (max-width: 480px) 480px, (min-width: 481px) 600px, 100vw\" \/> <img loading=\"lazy\" decoding=\"async\" class=\"size-medium wp-image-2577 aligncenter\" src=\"https:\/\/www.kozmetika-martur.si\/wp-content\/uploads\/2024\/02\/Rd_delavnica_4-600x399.png\" alt=\"\" width=\"600\" height=\"399\" srcset=\"https:\/\/www.kozmetika-martur.si\/wp-content\/uploads\/2024\/02\/Rd_delavnica_4-600x399.png 600w, https:\/\/www.kozmetika-martur.si\/wp-content\/uploads\/2024\/02\/Rd_delavnica_4-480x319.png 480w\" sizes=\"(min-width: 0px) and (max-width: 480px) 480px, (min-width: 481px) 600px, 100vw\" \/><\/p>","protected":false},"excerpt":{"rendered":"<p>U sklopu doga\u0111anja Martur professional skin care slavlje koje je odr\u017eano 14. listopada odr\u017eali smo i prakti\u010dnu radionicu.<\/p>","protected":false},"author":2,"featured_media":2577,"comment_status":"closed","ping_status":"open","sticky":false,"template":"","format":"standard","meta":{"_acf_changed":false,"_et_pb_use_builder":"","_et_pb_old_content":"","_et_gb_content_width":"","footnotes":""},"categories":[22,29],"tags":[54,55,73],"class_list":["post-2573","post","type-post","status-publish","format-standard","has-post-thumbnail","hentry","category-novice","category-objave","tag-kozmetika-martur","tag-martur-professional-skin-care","tag-prakticna-delavnica"],"acf":[],"yoast_head":"<!-- This site is optimized with the Yoast SEO plugin v27.5 - https:\/\/yoast.com\/product\/yoast-seo-wordpress\/ -->\n<title>prakti\u010dna delavnica kozmetike Martur - Kozmetika Martur<\/title>\n<meta name=\"description\" content=\"V sklopu dogodka Martur professional skin care praznuje, ki je bil 14. oktobra, smo izvedli tudi prakti\u010dno delavnico.\" \/>\n<meta name=\"robots\" content=\"index, follow, max-snippet:-1, max-image-preview:large, max-video-preview:-1\" \/>\n<link rel=\"canonical\" href=\"https:\/\/www.kozmetika-martur.si\/hr\/novice\/prakticna-delavnica-kozmetike-martur\/\" \/>\n<meta property=\"og:locale\" content=\"hr_HR\" \/>\n<meta property=\"og:type\" content=\"article\" \/>\n<meta property=\"og:title\" content=\"prakti\u010dna delavnica kozmetike Martur - Kozmetika Martur\" \/>\n<meta property=\"og:description\" content=\"V sklopu dogodka Martur professional skin care praznuje, ki je bil 14. oktobra, smo izvedli tudi prakti\u010dno delavnico.\" \/>\n<meta property=\"og:url\" content=\"https:\/\/www.kozmetika-martur.si\/hr\/novice\/prakticna-delavnica-kozmetike-martur\/\" \/>\n<meta property=\"og:site_name\" content=\"Kozmetika Martur\" \/>\n<meta property=\"article:publisher\" content=\"https:\/\/www.facebook.com\/profile.php?id=100073150506190\" \/>\n<meta property=\"article:published_time\" content=\"2024-02-04T10:00:50+00:00\" \/>\n<meta property=\"article:modified_time\" content=\"2024-02-04T11:03:34+00:00\" \/>\n<meta property=\"og:image\" content=\"https:\/\/www.kozmetika-martur.si\/wp-content\/uploads\/2024\/02\/Rd_delavnica_4.png\" \/>\n\t<meta property=\"og:image:width\" content=\"815\" \/>\n\t<meta property=\"og:image:height\" content=\"542\" \/>\n\t<meta property=\"og:image:type\" content=\"image\/png\" \/>\n<meta name=\"author\" content=\"Ur\u0161ka Martinec\" \/>\n<meta name=\"twitter:card\" content=\"summary_large_image\" \/>\n<meta name=\"twitter:label1\" content=\"Napisao\/la\" \/>\n\t<meta name=\"twitter:data1\" content=\"Ur\u0161ka Martinec\" \/>\n\t<meta name=\"twitter:label2\" content=\"Procijenjeno vrijeme \u010ditanja\" \/>\n\t<meta name=\"twitter:data2\" content=\"2 minute\" \/>\n<script type=\"application\/ld+json\" class=\"yoast-schema-graph\">{\"@context\":\"https:\\\/\\\/schema.org\",\"@graph\":[{\"@type\":\"Article\",\"@id\":\"https:\\\/\\\/www.kozmetika-martur.si\\\/novice\\\/prakticna-delavnica-kozmetike-martur\\\/#article\",\"isPartOf\":{\"@id\":\"https:\\\/\\\/www.kozmetika-martur.si\\\/novice\\\/prakticna-delavnica-kozmetike-martur\\\/\"},\"author\":{\"name\":\"Ur\u0161ka Martinec\",\"@id\":\"https:\\\/\\\/www.kozmetika-martur.si\\\/#\\\/schema\\\/person\\\/652caf62a6ffbddcfdff49b99a031f47\"},\"headline\":\"prakti\u010dna delavnica kozmetike Martur\",\"datePublished\":\"2024-02-04T10:00:50+00:00\",\"dateModified\":\"2024-02-04T11:03:34+00:00\",\"mainEntityOfPage\":{\"@id\":\"https:\\\/\\\/www.kozmetika-martur.si\\\/novice\\\/prakticna-delavnica-kozmetike-martur\\\/\"},\"wordCount\":44,\"publisher\":{\"@id\":\"https:\\\/\\\/www.kozmetika-martur.si\\\/#organization\"},\"image\":{\"@id\":\"https:\\\/\\\/www.kozmetika-martur.si\\\/novice\\\/prakticna-delavnica-kozmetike-martur\\\/#primaryimage\"},\"thumbnailUrl\":\"https:\\\/\\\/www.kozmetika-martur.si\\\/wp-content\\\/uploads\\\/2024\\\/02\\\/Rd_delavnica_4.png\",\"keywords\":[\"kozmetika martur\",\"martur professional skin care\",\"Prakti\u010dna delavnica\"],\"articleSection\":[\"Novice\",\"Objave\"],\"inLanguage\":\"hr\"},{\"@type\":\"WebPage\",\"@id\":\"https:\\\/\\\/www.kozmetika-martur.si\\\/novice\\\/prakticna-delavnica-kozmetike-martur\\\/\",\"url\":\"https:\\\/\\\/www.kozmetika-martur.si\\\/novice\\\/prakticna-delavnica-kozmetike-martur\\\/\",\"name\":\"prakti\u010dna delavnica kozmetike Martur - Kozmetika Martur\",\"isPartOf\":{\"@id\":\"https:\\\/\\\/www.kozmetika-martur.si\\\/#website\"},\"primaryImageOfPage\":{\"@id\":\"https:\\\/\\\/www.kozmetika-martur.si\\\/novice\\\/prakticna-delavnica-kozmetike-martur\\\/#primaryimage\"},\"image\":{\"@id\":\"https:\\\/\\\/www.kozmetika-martur.si\\\/novice\\\/prakticna-delavnica-kozmetike-martur\\\/#primaryimage\"},\"thumbnailUrl\":\"https:\\\/\\\/www.kozmetika-martur.si\\\/wp-content\\\/uploads\\\/2024\\\/02\\\/Rd_delavnica_4.png\",\"datePublished\":\"2024-02-04T10:00:50+00:00\",\"dateModified\":\"2024-02-04T11:03:34+00:00\",\"description\":\"V sklopu dogodka Martur professional skin care praznuje, ki je bil 14. oktobra, smo izvedli tudi prakti\u010dno delavnico.\",\"breadcrumb\":{\"@id\":\"https:\\\/\\\/www.kozmetika-martur.si\\\/novice\\\/prakticna-delavnica-kozmetike-martur\\\/#breadcrumb\"},\"inLanguage\":\"hr\",\"potentialAction\":[{\"@type\":\"ReadAction\",\"target\":[\"https:\\\/\\\/www.kozmetika-martur.si\\\/novice\\\/prakticna-delavnica-kozmetike-martur\\\/\"]}]},{\"@type\":\"ImageObject\",\"inLanguage\":\"hr\",\"@id\":\"https:\\\/\\\/www.kozmetika-martur.si\\\/novice\\\/prakticna-delavnica-kozmetike-martur\\\/#primaryimage\",\"url\":\"https:\\\/\\\/www.kozmetika-martur.si\\\/wp-content\\\/uploads\\\/2024\\\/02\\\/Rd_delavnica_4.png\",\"contentUrl\":\"https:\\\/\\\/www.kozmetika-martur.si\\\/wp-content\\\/uploads\\\/2024\\\/02\\\/Rd_delavnica_4.png\",\"width\":815,\"height\":542},{\"@type\":\"BreadcrumbList\",\"@id\":\"https:\\\/\\\/www.kozmetika-martur.si\\\/novice\\\/prakticna-delavnica-kozmetike-martur\\\/#breadcrumb\",\"itemListElement\":[{\"@type\":\"ListItem\",\"position\":1,\"name\":\"Home\",\"item\":\"https:\\\/\\\/www.kozmetika-martur.si\\\/\"},{\"@type\":\"ListItem\",\"position\":2,\"name\":\"prakti\u010dna delavnica kozmetike Martur\"}]},{\"@type\":\"WebSite\",\"@id\":\"https:\\\/\\\/www.kozmetika-martur.si\\\/#website\",\"url\":\"https:\\\/\\\/www.kozmetika-martur.si\\\/\",\"name\":\"Kozmetika Martur\",\"description\":\"Profesionalna slovenska kozmetika\",\"publisher\":{\"@id\":\"https:\\\/\\\/www.kozmetika-martur.si\\\/#organization\"},\"potentialAction\":[{\"@type\":\"SearchAction\",\"target\":{\"@type\":\"EntryPoint\",\"urlTemplate\":\"https:\\\/\\\/www.kozmetika-martur.si\\\/?s={search_term_string}\"},\"query-input\":{\"@type\":\"PropertyValueSpecification\",\"valueRequired\":true,\"valueName\":\"search_term_string\"}}],\"inLanguage\":\"hr\"},{\"@type\":\"Organization\",\"@id\":\"https:\\\/\\\/www.kozmetika-martur.si\\\/#organization\",\"name\":\"Kozmetika Martur\",\"url\":\"https:\\\/\\\/www.kozmetika-martur.si\\\/\",\"logo\":{\"@type\":\"ImageObject\",\"inLanguage\":\"hr\",\"@id\":\"https:\\\/\\\/www.kozmetika-martur.si\\\/#\\\/schema\\\/logo\\\/image\\\/\",\"url\":\"https:\\\/\\\/www.kozmetika-martur.si\\\/wp-content\\\/uploads\\\/2021\\\/09\\\/kozmetika-martur-logo.jpg\",\"contentUrl\":\"https:\\\/\\\/www.kozmetika-martur.si\\\/wp-content\\\/uploads\\\/2021\\\/09\\\/kozmetika-martur-logo.jpg\",\"width\":400,\"height\":319,\"caption\":\"Kozmetika Martur\"},\"image\":{\"@id\":\"https:\\\/\\\/www.kozmetika-martur.si\\\/#\\\/schema\\\/logo\\\/image\\\/\"},\"sameAs\":[\"https:\\\/\\\/www.facebook.com\\\/profile.php?id=100073150506190\",\"https:\\\/\\\/www.instagram.com\\\/kozmetikamartur\\\/\"]},{\"@type\":\"Person\",\"@id\":\"https:\\\/\\\/www.kozmetika-martur.si\\\/#\\\/schema\\\/person\\\/652caf62a6ffbddcfdff49b99a031f47\",\"name\":\"Ur\u0161ka Martinec\"}]}<\/script>\n<!-- \/ Yoast SEO plugin. -->","yoast_head_json":{"title":"prakti\u010dna delavnica kozmetike Martur - Kozmetika Martur","description":"U sklopu doga\u0111anja Martur professional skin care slavlje koje je odr\u017eano 14. listopada odr\u017eali smo i prakti\u010dnu radionicu.","robots":{"index":"index","follow":"follow","max-snippet":"max-snippet:-1","max-image-preview":"max-image-preview:large","max-video-preview":"max-video-preview:-1"},"canonical":"https:\/\/www.kozmetika-martur.si\/hr\/novice\/prakticna-delavnica-kozmetike-martur\/","og_locale":"hr_HR","og_type":"article","og_title":"prakti\u010dna delavnica kozmetike Martur - Kozmetika Martur","og_description":"V sklopu dogodka Martur professional skin care praznuje, ki je bil 14. oktobra, smo izvedli tudi prakti\u010dno delavnico.","og_url":"https:\/\/www.kozmetika-martur.si\/hr\/novice\/prakticna-delavnica-kozmetike-martur\/","og_site_name":"Kozmetika Martur","article_publisher":"https:\/\/www.facebook.com\/profile.php?id=100073150506190","article_published_time":"2024-02-04T10:00:50+00:00","article_modified_time":"2024-02-04T11:03:34+00:00","og_image":[{"width":815,"height":542,"url":"https:\/\/www.kozmetika-martur.si\/wp-content\/uploads\/2024\/02\/Rd_delavnica_4.png","type":"image\/png"}],"author":"Ur\u0161ka Martinec","twitter_card":"summary_large_image","twitter_misc":{"Napisao\/la":"Ur\u0161ka Martinec","Procijenjeno vrijeme \u010ditanja":"2 minute"},"schema":{"@context":"https:\/\/schema.org","@graph":[{"@type":"Article","@id":"https:\/\/www.kozmetika-martur.si\/novice\/prakticna-delavnica-kozmetike-martur\/#article","isPartOf":{"@id":"https:\/\/www.kozmetika-martur.si\/novice\/prakticna-delavnica-kozmetike-martur\/"},"author":{"name":"Ur\u0161ka Martinec","@id":"https:\/\/www.kozmetika-martur.si\/#\/schema\/person\/652caf62a6ffbddcfdff49b99a031f47"},"headline":"prakti\u010dna delavnica kozmetike Martur","datePublished":"2024-02-04T10:00:50+00:00","dateModified":"2024-02-04T11:03:34+00:00","mainEntityOfPage":{"@id":"https:\/\/www.kozmetika-martur.si\/novice\/prakticna-delavnica-kozmetike-martur\/"},"wordCount":44,"publisher":{"@id":"https:\/\/www.kozmetika-martur.si\/#organization"},"image":{"@id":"https:\/\/www.kozmetika-martur.si\/novice\/prakticna-delavnica-kozmetike-martur\/#primaryimage"},"thumbnailUrl":"https:\/\/www.kozmetika-martur.si\/wp-content\/uploads\/2024\/02\/Rd_delavnica_4.png","keywords":["kozmetika martur","martur professional skin care","Prakti\u010dna delavnica"],"articleSection":["Novice","Objave"],"inLanguage":"hr"},{"@type":"WebPage","@id":"https:\/\/www.kozmetika-martur.si\/novice\/prakticna-delavnica-kozmetike-martur\/","url":"https:\/\/www.kozmetika-martur.si\/novice\/prakticna-delavnica-kozmetike-martur\/","name":"prakti\u010dna delavnica kozmetike Martur - Kozmetika Martur","isPartOf":{"@id":"https:\/\/www.kozmetika-martur.si\/#website"},"primaryImageOfPage":{"@id":"https:\/\/www.kozmetika-martur.si\/novice\/prakticna-delavnica-kozmetike-martur\/#primaryimage"},"image":{"@id":"https:\/\/www.kozmetika-martur.si\/novice\/prakticna-delavnica-kozmetike-martur\/#primaryimage"},"thumbnailUrl":"https:\/\/www.kozmetika-martur.si\/wp-content\/uploads\/2024\/02\/Rd_delavnica_4.png","datePublished":"2024-02-04T10:00:50+00:00","dateModified":"2024-02-04T11:03:34+00:00","description":"U sklopu doga\u0111anja Martur professional skin care slavlje koje je odr\u017eano 14. listopada odr\u017eali smo i prakti\u010dnu radionicu.","breadcrumb":{"@id":"https:\/\/www.kozmetika-martur.si\/novice\/prakticna-delavnica-kozmetike-martur\/#breadcrumb"},"inLanguage":"hr","potentialAction":[{"@type":"ReadAction","target":["https:\/\/www.kozmetika-martur.si\/novice\/prakticna-delavnica-kozmetike-martur\/"]}]},{"@type":"ImageObject","inLanguage":"hr","@id":"https:\/\/www.kozmetika-martur.si\/novice\/prakticna-delavnica-kozmetike-martur\/#primaryimage","url":"https:\/\/www.kozmetika-martur.si\/wp-content\/uploads\/2024\/02\/Rd_delavnica_4.png","contentUrl":"https:\/\/www.kozmetika-martur.si\/wp-content\/uploads\/2024\/02\/Rd_delavnica_4.png","width":815,"height":542},{"@type":"BreadcrumbList","@id":"https:\/\/www.kozmetika-martur.si\/novice\/prakticna-delavnica-kozmetike-martur\/#breadcrumb","itemListElement":[{"@type":"ListItem","position":1,"name":"Home","item":"https:\/\/www.kozmetika-martur.si\/"},{"@type":"ListItem","position":2,"name":"prakti\u010dna delavnica kozmetike Martur"}]},{"@type":"WebSite","@id":"https:\/\/www.kozmetika-martur.si\/#website","url":"https:\/\/www.kozmetika-martur.si\/","name":"Kozmetika Martur","description":"Profesionalna slovenska kozmetika","publisher":{"@id":"https:\/\/www.kozmetika-martur.si\/#organization"},"potentialAction":[{"@type":"SearchAction","target":{"@type":"EntryPoint","urlTemplate":"https:\/\/www.kozmetika-martur.si\/?s={search_term_string}"},"query-input":{"@type":"PropertyValueSpecification","valueRequired":true,"valueName":"search_term_string"}}],"inLanguage":"hr"},{"@type":"Organization","@id":"https:\/\/www.kozmetika-martur.si\/#organization","name":"Kozmetika Martur","url":"https:\/\/www.kozmetika-martur.si\/","logo":{"@type":"ImageObject","inLanguage":"hr","@id":"https:\/\/www.kozmetika-martur.si\/#\/schema\/logo\/image\/","url":"https:\/\/www.kozmetika-martur.si\/wp-content\/uploads\/2021\/09\/kozmetika-martur-logo.jpg","contentUrl":"https:\/\/www.kozmetika-martur.si\/wp-content\/uploads\/2021\/09\/kozmetika-martur-logo.jpg","width":400,"height":319,"caption":"Kozmetika Martur"},"image":{"@id":"https:\/\/www.kozmetika-martur.si\/#\/schema\/logo\/image\/"},"sameAs":["https:\/\/www.facebook.com\/profile.php?id=100073150506190","https:\/\/www.instagram.com\/kozmetikamartur\/"]},{"@type":"Person","@id":"https:\/\/www.kozmetika-martur.si\/#\/schema\/person\/652caf62a6ffbddcfdff49b99a031f47","name":"Ur\u0161ka Martinec"}]}},"_links":{"self":[{"href":"https:\/\/www.kozmetika-martur.si\/hr\/wp-json\/wp\/v2\/posts\/2573","targetHints":{"allow":["GET"]}}],"collection":[{"href":"https:\/\/www.kozmetika-martur.si\/hr\/wp-json\/wp\/v2\/posts"}],"about":[{"href":"https:\/\/www.kozmetika-martur.si\/hr\/wp-json\/wp\/v2\/types\/post"}],"author":[{"embeddable":true,"href":"https:\/\/www.kozmetika-martur.si\/hr\/wp-json\/wp\/v2\/users\/2"}],"replies":[{"embeddable":true,"href":"https:\/\/www.kozmetika-martur.si\/hr\/wp-json\/wp\/v2\/comments?post=2573"}],"version-history":[{"count":1,"href":"https:\/\/www.kozmetika-martur.si\/hr\/wp-json\/wp\/v2\/posts\/2573\/revisions"}],"predecessor-version":[{"id":2578,"href":"https:\/\/www.kozmetika-martur.si\/hr\/wp-json\/wp\/v2\/posts\/2573\/revisions\/2578"}],"wp:featuredmedia":[{"embeddable":true,"href":"https:\/\/www.kozmetika-martur.si\/hr\/wp-json\/wp\/v2\/media\/2577"}],"wp:attachment":[{"href":"https:\/\/www.kozmetika-martur.si\/hr\/wp-json\/wp\/v2\/media?parent=2573"}],"wp:term":[{"taxonomy":"category","embeddable":true,"href":"https:\/\/www.kozmetika-martur.si\/hr\/wp-json\/wp\/v2\/categories?post=2573"},{"taxonomy":"post_tag","embeddable":true,"href":"https:\/\/www.kozmetika-martur.si\/hr\/wp-json\/wp\/v2\/tags?post=2573"}],"curies":[{"name":"wp","href":"https:\/\/api.w.org\/{rel}","templated":true}]}}